{"id":10554,"date":"2025-11-05T21:43:19","date_gmt":"2025-11-06T02:43:19","guid":{"rendered":"https:\/\/www.elcapital.pe\/?p=10554"},"modified":"2025-11-05T21:43:19","modified_gmt":"2025-11-06T02:43:19","slug":"capturan-en-madrid-a-cabecilla-sde-red-criminal-peruana","status":"publish","type":"post","link":"http:\/\/www.elcapital.pe\/?p=10554","title":{"rendered":"CAPTURAN EN MADRID A CABECILLA SDE RED CRIMINAL PERUANA\u00a0\u00a0"},"content":{"rendered":"\n<p>Miguel \u00c1ngel Mar\u00edn, alias \u201cel Negro Mar\u00edn\u201d, se\u00f1alado como uno de los principales l\u00edderes del crimen organizado en Per\u00fa, fue detenido este mi\u00e9rcoles (05.11.2025) en Madrid, inform\u00f3 el Ministerio del Interior, que calific\u00f3 el operativo como \u201cun logro significativo en la lucha contra el crimen transnacional\u201d.<\/p>\n\n\n\n<p>Seg\u00fan el comunicado oficial, la captura se logr\u00f3 tras un trabajo conjunto de inteligencia entre la Polic\u00eda Nacional del Per\u00fa y la divisi\u00f3n contra la ciberdelincuencia de Madrid. Mar\u00edn ten\u00eda una alerta roja internacional por los delitos de organizaci\u00f3n criminal, sicariato, extorsi\u00f3n y lesiones graves.<\/p>\n\n\n\n<p>El detenido es acusado de haber sembrado el terror en zonas comerciales de Lima, incluyendo grandes emporios, y de estar vinculado a asesinatos y m\u00faltiples casos de extorsi\u00f3n contra transportistas, empresarios y artistas.<\/p>\n\n\n\n<p>En septiembre, otro cabecilla criminal, Erick Moreno, fue capturado en Paraguay tras permanecer pr\u00f3fugo desde 2022. La extorsi\u00f3n se ha disparado en el pa\u00eds: las denuncias pasaron de 2.396 en 2023 a 15.336 en 2024, un aumento del 540 %, seg\u00fan datos oficiales. La creciente inseguridad llev\u00f3 a la destituci\u00f3n de la expresidenta Dina Boluarte el 10 de octubre y a que su sucesor, Jos\u00e9 Jer\u00ed, decretara el estado de emergencia en Lima el 22 de ese mes, con apoyo militar en las calles<\/p>\n","protected":false},"excerpt":{"rendered":"<p>Miguel \u00c1ngel Mar\u00edn, alias \u201cel Negro Mar\u00edn\u201d, se\u00f1alado como uno de los principales l\u00edderes del crimen organizado en Per\u00fa, fue detenido este mi\u00e9rcoles (05.11.2025) en Madrid, inform\u00f3 el Ministerio del Interior, que calific\u00f3 el operativo como \u201cun logro significativo en la lucha contra el crimen transnacional\u201d. Seg\u00fan el comunicado oficial, la captura se logr\u00f3 tras [&hellip;]<\/p>\n","protected":false},"author":1,"featured_media":10555,"comment_status":"open","ping_status":"open","sticky":false,"template":"","format":"standard","meta":{"footnotes":""},"categories":[2],"tags":[],"class_list":["post-10554","post","type-post","status-publish","format-standard","has-post-thumbnail","hentry","category-actualidad"],"_links":{"self":[{"href":"http:\/\/www.elcapital.pe\/index.php?rest_route=\/wp\/v2\/posts\/10554","targetHints":{"allow":["GET"]}}],"collection":[{"href":"http:\/\/www.elcapital.pe\/index.php?rest_route=\/wp\/v2\/posts"}],"about":[{"href":"http:\/\/www.elcapital.pe\/index.php?rest_route=\/wp\/v2\/types\/post"}],"author":[{"embeddable":true,"href":"http:\/\/www.elcapital.pe\/index.php?rest_route=\/wp\/v2\/users\/1"}],"replies":[{"embeddable":true,"href":"http:\/\/www.elcapital.pe\/index.php?rest_route=%2Fwp%2Fv2%2Fcomments&post=10554"}],"version-history":[{"count":1,"href":"http:\/\/www.elcapital.pe\/index.php?rest_route=\/wp\/v2\/posts\/10554\/revisions"}],"predecessor-version":[{"id":10556,"href":"http:\/\/www.elcapital.pe\/index.php?rest_route=\/wp\/v2\/posts\/10554\/revisions\/10556"}],"wp:featuredmedia":[{"embeddable":true,"href":"http:\/\/www.elcapital.pe\/index.php?rest_route=\/wp\/v2\/media\/10555"}],"wp:attachment":[{"href":"http:\/\/www.elcapital.pe\/index.php?rest_route=%2Fwp%2Fv2%2Fmedia&parent=10554"}],"wp:term":[{"taxonomy":"category","embeddable":true,"href":"http:\/\/www.elcapital.pe\/index.php?rest_route=%2Fwp%2Fv2%2Fcategories&post=10554"},{"taxonomy":"post_tag","embeddable":true,"href":"http:\/\/www.elcapital.pe\/index.php?rest_route=%2Fwp%2Fv2%2Ftags&post=10554"}],"curies":[{"name":"wp","href":"https:\/\/api.w.org\/{rel}","templated":true}]}}