{"id":10548,"date":"2025-11-05T21:26:26","date_gmt":"2025-11-06T02:26:26","guid":{"rendered":"https:\/\/www.elcapital.pe\/?p=10548"},"modified":"2025-11-05T21:26:26","modified_gmt":"2025-11-06T02:26:26","slug":"premier-contradice-al-jefe-del-inpe-y-anuncia-pronta-decision-sobre-su-continuidad","status":"publish","type":"post","link":"http:\/\/www.elcapital.pe\/?p=10548","title":{"rendered":"PREMIER CONTRADICE AL JEFE DEL INPE Y ANUNCIA PRONTA DECISION SOBRE SU CONTINUIDAD\u00a0"},"content":{"rendered":"\n<p>El presidente del Consejo de Ministros, Ernesto \u00c1lvarez, afirm\u00f3 que \u201cen las pr\u00f3ximas horas se tomar\u00e1 una decisi\u00f3n\u201d sobre la permanencia del jefe del INPE, Iv\u00e1n Paredes, investigado por presunto soborno tras la difusi\u00f3n de audios cuya autenticidad \u00e9l niega.<\/p>\n\n\n\n<p>\u00c1lvarez precis\u00f3 que el caso \u201cest\u00e1 en plena investigaci\u00f3n\u201d y que la resoluci\u00f3n \u201cno se tomar\u00e1 por emoci\u00f3n ni coyuntura, sino con base en evidencias\u201d. Tambi\u00e9n sugiri\u00f3 que Paredes podr\u00eda estar siendo v\u00edctima de sabotaje interno: \u201cCuando un jefe exige disciplina, suelen aparecer maniobras para perjudicarlo\u201d.<\/p>\n\n\n\n<p>El dominical Cuarto Poder difundi\u00f3 grabaciones en las que una voz, atribuida a Paredes, coordinar\u00eda la devoluci\u00f3n de S\/80.000 supuestamente cobrados para liberar a un exagente policial. El INPE confirm\u00f3 que la Fiscal\u00eda Anticorrupci\u00f3n investiga los hechos, ocurridos en 2018, cuando Paredes a\u00fan era abogado privado.<\/p>\n\n\n\n<p>El funcionario neg\u00f3 las acusaciones, rechaz\u00f3 ser la persona en los audios y asegur\u00f3 que no ha sido citado a ninguna prueba de homologaci\u00f3n de voz. Adem\u00e1s, anunci\u00f3 acciones legales contra la denunciante y los periodistas del reportaje, denunciando amenazas tras la difusi\u00f3n de su informaci\u00f3n personal.<\/p>\n\n\n\n<p>\u201cLa denuncia se refiere a una etapa previa a mi gesti\u00f3n y los audios son falsos\u201d, insisti\u00f3 Paredes, mientras el Ejecutivo eval\u00faa su continuidad al frente del INPE.<\/p>\n","protected":false},"excerpt":{"rendered":"<p>El presidente del Consejo de Ministros, Ernesto \u00c1lvarez, afirm\u00f3 que \u201cen las pr\u00f3ximas horas se tomar\u00e1 una decisi\u00f3n\u201d sobre la permanencia del jefe del INPE, Iv\u00e1n Paredes, investigado por presunto soborno tras la difusi\u00f3n de audios cuya autenticidad \u00e9l niega. \u00c1lvarez precis\u00f3 que el caso \u201cest\u00e1 en plena investigaci\u00f3n\u201d y que la resoluci\u00f3n \u201cno se [&hellip;]<\/p>\n","protected":false},"author":1,"featured_media":10549,"comment_status":"open","ping_status":"open","sticky":false,"template":"","format":"standard","meta":{"footnotes":""},"categories":[2],"tags":[],"class_list":["post-10548","post","type-post","status-publish","format-standard","has-post-thumbnail","hentry","category-actualidad"],"_links":{"self":[{"href":"http:\/\/www.elcapital.pe\/index.php?rest_route=\/wp\/v2\/posts\/10548","targetHints":{"allow":["GET"]}}],"collection":[{"href":"http:\/\/www.elcapital.pe\/index.php?rest_route=\/wp\/v2\/posts"}],"about":[{"href":"http:\/\/www.elcapital.pe\/index.php?rest_route=\/wp\/v2\/types\/post"}],"author":[{"embeddable":true,"href":"http:\/\/www.elcapital.pe\/index.php?rest_route=\/wp\/v2\/users\/1"}],"replies":[{"embeddable":true,"href":"http:\/\/www.elcapital.pe\/index.php?rest_route=%2Fwp%2Fv2%2Fcomments&post=10548"}],"version-history":[{"count":1,"href":"http:\/\/www.elcapital.pe\/index.php?rest_route=\/wp\/v2\/posts\/10548\/revisions"}],"predecessor-version":[{"id":10550,"href":"http:\/\/www.elcapital.pe\/index.php?rest_route=\/wp\/v2\/posts\/10548\/revisions\/10550"}],"wp:featuredmedia":[{"embeddable":true,"href":"http:\/\/www.elcapital.pe\/index.php?rest_route=\/wp\/v2\/media\/10549"}],"wp:attachment":[{"href":"http:\/\/www.elcapital.pe\/index.php?rest_route=%2Fwp%2Fv2%2Fmedia&parent=10548"}],"wp:term":[{"taxonomy":"category","embeddable":true,"href":"http:\/\/www.elcapital.pe\/index.php?rest_route=%2Fwp%2Fv2%2Fcategories&post=10548"},{"taxonomy":"post_tag","embeddable":true,"href":"http:\/\/www.elcapital.pe\/index.php?rest_route=%2Fwp%2Fv2%2Ftags&post=10548"}],"curies":[{"name":"wp","href":"https:\/\/api.w.org\/{rel}","templated":true}]}}