{"id":10528,"date":"2025-11-04T21:18:20","date_gmt":"2025-11-05T02:18:20","guid":{"rendered":"https:\/\/www.elcapital.pe\/?p=10528"},"modified":"2025-11-04T21:18:20","modified_gmt":"2025-11-05T02:18:20","slug":"sheinbaum-descarta-una-intervencion-armada-de-ee-uu-en-mexico","status":"publish","type":"post","link":"http:\/\/www.elcapital.pe\/?p=10528","title":{"rendered":"SHEINBAUM DESCARTA UNA INTERVENCION ARMADA DE EE.UU. EN MEXICO\u00a0"},"content":{"rendered":"\n<p>\u201cEso no va a ocurrir\u201d, afirm\u00f3 la presidenta Claudia Sheinbaum, al responder sobre versiones de prensa que se\u00f1alan que el mandatario estadounidense Donald Trump estar\u00eda evaluando enviar tropas a M\u00e9xico para combatir a los c\u00e1rteles del narcotr\u00e1fico.<\/p>\n\n\n\n<p>Durante su conferencia de prensa de este martes (04.11.2025), la mandataria mexicana rechaz\u00f3 categ\u00f3ricamente esa posibilidad. \u201cNo estamos de acuerdo con ning\u00fan tipo de intervenci\u00f3n\u201d, subray\u00f3.<\/p>\n\n\n\n<p>Sheinbaum record\u00f3 que su gobierno trabaj\u00f3 durante meses con Washington en una estrategia conjunta de seguridad, formalizada durante la visita del secretario de Estado Marco Rubio a la Ciudad de M\u00e9xico en septiembre.<\/p>\n\n\n\n<p>El acuerdo, explic\u00f3, reafirma el respeto a la soberan\u00eda y la territorialidad de M\u00e9xico, y promueve la colaboraci\u00f3n sin subordinaci\u00f3n entre ambos pa\u00edses.<\/p>\n\n\n\n<p>Asimismo, la presidenta revel\u00f3 que Trump le ofreci\u00f3 apoyo militar en conversaciones telef\u00f3nicas previas.<\/p>\n\n\n\n<p>\u201cSiempre le he dicho: \u2018Muchas gracias, presidente Trump, pero no\u2019\u201d, se\u00f1al\u00f3, insistiendo en que su administraci\u00f3n se opone a cualquier injerencia o intervencionismo.<\/p>\n\n\n\n<p>Los reportes sobre una posible acci\u00f3n militar de Estados Unidos surgen mientras el gobierno de Trump realiza operaciones contra embarcaciones con droga en el Pac\u00edfico y el Caribe.<\/p>\n\n\n\n<p>(Con informaci\u00f3n de AFP y EFE)<\/p>\n","protected":false},"excerpt":{"rendered":"<p>\u201cEso no va a ocurrir\u201d, afirm\u00f3 la presidenta Claudia Sheinbaum, al responder sobre versiones de prensa que se\u00f1alan que el mandatario estadounidense Donald Trump estar\u00eda evaluando enviar tropas a M\u00e9xico para combatir a los c\u00e1rteles del narcotr\u00e1fico. Durante su conferencia de prensa de este martes (04.11.2025), la mandataria mexicana rechaz\u00f3 categ\u00f3ricamente esa posibilidad. \u201cNo estamos [&hellip;]<\/p>\n","protected":false},"author":1,"featured_media":10529,"comment_status":"open","ping_status":"open","sticky":false,"template":"","format":"standard","meta":{"footnotes":""},"categories":[2],"tags":[],"class_list":["post-10528","post","type-post","status-publish","format-standard","has-post-thumbnail","hentry","category-actualidad"],"_links":{"self":[{"href":"http:\/\/www.elcapital.pe\/index.php?rest_route=\/wp\/v2\/posts\/10528","targetHints":{"allow":["GET"]}}],"collection":[{"href":"http:\/\/www.elcapital.pe\/index.php?rest_route=\/wp\/v2\/posts"}],"about":[{"href":"http:\/\/www.elcapital.pe\/index.php?rest_route=\/wp\/v2\/types\/post"}],"author":[{"embeddable":true,"href":"http:\/\/www.elcapital.pe\/index.php?rest_route=\/wp\/v2\/users\/1"}],"replies":[{"embeddable":true,"href":"http:\/\/www.elcapital.pe\/index.php?rest_route=%2Fwp%2Fv2%2Fcomments&post=10528"}],"version-history":[{"count":1,"href":"http:\/\/www.elcapital.pe\/index.php?rest_route=\/wp\/v2\/posts\/10528\/revisions"}],"predecessor-version":[{"id":10530,"href":"http:\/\/www.elcapital.pe\/index.php?rest_route=\/wp\/v2\/posts\/10528\/revisions\/10530"}],"wp:featuredmedia":[{"embeddable":true,"href":"http:\/\/www.elcapital.pe\/index.php?rest_route=\/wp\/v2\/media\/10529"}],"wp:attachment":[{"href":"http:\/\/www.elcapital.pe\/index.php?rest_route=%2Fwp%2Fv2%2Fmedia&parent=10528"}],"wp:term":[{"taxonomy":"category","embeddable":true,"href":"http:\/\/www.elcapital.pe\/index.php?rest_route=%2Fwp%2Fv2%2Fcategories&post=10528"},{"taxonomy":"post_tag","embeddable":true,"href":"http:\/\/www.elcapital.pe\/index.php?rest_route=%2Fwp%2Fv2%2Ftags&post=10528"}],"curies":[{"name":"wp","href":"https:\/\/api.w.org\/{rel}","templated":true}]}}