{"id":10525,"date":"2025-11-04T21:11:36","date_gmt":"2025-11-05T02:11:36","guid":{"rendered":"https:\/\/www.elcapital.pe\/?p=10525"},"modified":"2025-11-04T21:11:36","modified_gmt":"2025-11-05T02:11:36","slug":"paro-de-transportistas-servicio-de-buses-en-lima-y-callao-se-restablece-tras-dialogo-con-jeri","status":"publish","type":"post","link":"http:\/\/www.elcapital.pe\/?p=10525","title":{"rendered":"PARO DE TRANSPORTISTAS: SERVICIO DE BUSES EN LIMA Y CALLAO SE RESTABLECE TRAS DIALOGO CON JERI\u00a0"},"content":{"rendered":"\n<p>El servicio de transporte p\u00fablico en Lima y Callao comenz\u00f3 a normalizarse este martes por la tarde, luego de que representantes del gremio de transportistas se reunieran con el presidente Jos\u00e9 Jer\u00ed en la zona de Acho, donde expusieron sus reclamos y demandas.<\/p>\n\n\n\n<p>Durante las primeras horas del d\u00eda, la ciudad registr\u00f3 un escaso n\u00famero de unidades en circulaci\u00f3n, lo que gener\u00f3 caos y aglomeraciones en los principales paraderos. Miles de usuarios se vieron afectados al intentar trasladarse hacia sus centros de trabajo.<\/p>\n\n\n\n<p>En las estaciones del Metro de Lima y del Metropolitano, se formaron largas colas que se extendieron por varias cuadras, por lo que agentes de la PNP y personal de seguridad tuvieron que intervenir para mantener el orden.<\/p>\n\n\n\n<p>Tras la reuni\u00f3n con el mandatario, las empresas de transporte levantaron la medida de fuerza y, hacia el final de la tarde, el servicio de buses se restableci\u00f3 de manera progresiva, permitiendo la normal circulaci\u00f3n en la mayor\u00eda de rutas.<\/p>\n","protected":false},"excerpt":{"rendered":"<p>El servicio de transporte p\u00fablico en Lima y Callao comenz\u00f3 a normalizarse este martes por la tarde, luego de que representantes del gremio de transportistas se reunieran con el presidente Jos\u00e9 Jer\u00ed en la zona de Acho, donde expusieron sus reclamos y demandas. Durante las primeras horas del d\u00eda, la ciudad registr\u00f3 un escaso n\u00famero [&hellip;]<\/p>\n","protected":false},"author":1,"featured_media":10526,"comment_status":"open","ping_status":"open","sticky":false,"template":"","format":"standard","meta":{"footnotes":""},"categories":[2],"tags":[],"class_list":["post-10525","post","type-post","status-publish","format-standard","has-post-thumbnail","hentry","category-actualidad"],"_links":{"self":[{"href":"http:\/\/www.elcapital.pe\/index.php?rest_route=\/wp\/v2\/posts\/10525","targetHints":{"allow":["GET"]}}],"collection":[{"href":"http:\/\/www.elcapital.pe\/index.php?rest_route=\/wp\/v2\/posts"}],"about":[{"href":"http:\/\/www.elcapital.pe\/index.php?rest_route=\/wp\/v2\/types\/post"}],"author":[{"embeddable":true,"href":"http:\/\/www.elcapital.pe\/index.php?rest_route=\/wp\/v2\/users\/1"}],"replies":[{"embeddable":true,"href":"http:\/\/www.elcapital.pe\/index.php?rest_route=%2Fwp%2Fv2%2Fcomments&post=10525"}],"version-history":[{"count":1,"href":"http:\/\/www.elcapital.pe\/index.php?rest_route=\/wp\/v2\/posts\/10525\/revisions"}],"predecessor-version":[{"id":10527,"href":"http:\/\/www.elcapital.pe\/index.php?rest_route=\/wp\/v2\/posts\/10525\/revisions\/10527"}],"wp:featuredmedia":[{"embeddable":true,"href":"http:\/\/www.elcapital.pe\/index.php?rest_route=\/wp\/v2\/media\/10526"}],"wp:attachment":[{"href":"http:\/\/www.elcapital.pe\/index.php?rest_route=%2Fwp%2Fv2%2Fmedia&parent=10525"}],"wp:term":[{"taxonomy":"category","embeddable":true,"href":"http:\/\/www.elcapital.pe\/index.php?rest_route=%2Fwp%2Fv2%2Fcategories&post=10525"},{"taxonomy":"post_tag","embeddable":true,"href":"http:\/\/www.elcapital.pe\/index.php?rest_route=%2Fwp%2Fv2%2Ftags&post=10525"}],"curies":[{"name":"wp","href":"https:\/\/api.w.org\/{rel}","templated":true}]}}